{"id":167,"date":"2026-04-20T07:11:53","date_gmt":"2026-04-20T07:11:53","guid":{"rendered":"https:\/\/aubert-manon.mmigrenoble-dev.fr\/?p=167"},"modified":"2026-04-28T06:57:38","modified_gmt":"2026-04-28T06:57:38","slug":"elementor-167","status":"publish","type":"post","link":"https:\/\/aubert-manon.mmigrenoble-dev.fr\/?p=167","title":{"rendered":"Plus qu&rsquo;une simple mati\u00e8re&#8230;"},"content":{"rendered":"\t\t<div data-elementor-type=\"wp-post\" data-elementor-id=\"167\" class=\"elementor elementor-167\">\n\t\t\t\t<div class=\"elementor-element elementor-element-cb6f973 e-flex e-con-boxed e-con e-parent\" data-id=\"cb6f973\" data-element_type=\"container\" data-e-type=\"container\">\n\t\t\t\t\t<div class=\"e-con-inner\">\n\t\t\t\t<div class=\"elementor-element elementor-element-21c7b29 elementor-widget-divider--view-line elementor-widget elementor-widget-divider\" data-id=\"21c7b29\" data-element_type=\"widget\" data-e-type=\"widget\" data-widget_type=\"divider.default\">\n\t\t\t\t\t\t\t<div class=\"elementor-divider\">\n\t\t\t<span class=\"elementor-divider-separator\">\n\t\t\t\t\t\t<\/span>\n\t\t<\/div>\n\t\t\t\t\t\t<\/div>\n\t\t\t\t<div class=\"elementor-element elementor-element-e454663 elementor-widget elementor-widget-heading\" data-id=\"e454663\" data-element_type=\"widget\" data-e-type=\"widget\" data-widget_type=\"heading.default\">\n\t\t\t\t\t<h2 class=\"elementor-heading-title elementor-size-default\">La sp\u00e9cialit\u00e9 Arts Plastiques<\/h2>\t\t\t\t<\/div>\n\t\t<div class=\"elementor-element elementor-element-84ccf42 e-grid e-con-full e-con e-child\" data-id=\"84ccf42\" data-element_type=\"container\" data-e-type=\"container\">\n\t\t\t\t<div class=\"elementor-element elementor-element-aa79944 elementor-widget elementor-widget-image\" data-id=\"aa79944\" data-element_type=\"widget\" data-e-type=\"widget\" data-widget_type=\"image.default\">\n\t\t\t\t\t\t\t\t\t\t\t\t\t\t\t<img fetchpriority=\"high\" decoding=\"async\" width=\"800\" height=\"449\" src=\"https:\/\/aubert-manon.mmigrenoble-dev.fr\/wp-content\/uploads\/2026\/04\/Capture-decran-2026-04-20-202233.png\" class=\"attachment-large size-large wp-image-203\" alt=\"\" srcset=\"https:\/\/aubert-manon.mmigrenoble-dev.fr\/wp-content\/uploads\/2026\/04\/Capture-decran-2026-04-20-202233.png 825w, https:\/\/aubert-manon.mmigrenoble-dev.fr\/wp-content\/uploads\/2026\/04\/Capture-decran-2026-04-20-202233-300x168.png 300w, https:\/\/aubert-manon.mmigrenoble-dev.fr\/wp-content\/uploads\/2026\/04\/Capture-decran-2026-04-20-202233-768x431.png 768w\" sizes=\"(max-width: 800px) 100vw, 800px\" \/>\t\t\t\t\t\t\t\t\t\t\t\t\t\t\t<\/div>\n\t\t<div class=\"elementor-element elementor-element-527b8e5 e-con-full e-flex e-con e-child\" data-id=\"527b8e5\" data-element_type=\"container\" data-e-type=\"container\">\n\t\t\t\t<div class=\"elementor-element elementor-element-09bbef1 elementor-absolute elementor-widget elementor-widget-image\" data-id=\"09bbef1\" data-element_type=\"widget\" data-e-type=\"widget\" data-settings=\"{&quot;_position&quot;:&quot;absolute&quot;}\" data-widget_type=\"image.default\">\n\t\t\t\t\t\t\t\t\t\t\t\t\t\t\t<img decoding=\"async\" width=\"790\" height=\"238\" src=\"https:\/\/aubert-manon.mmigrenoble-dev.fr\/wp-content\/uploads\/2026\/04\/Capture-decran-2026-04-20-202300.png\" class=\"attachment-large size-large wp-image-202\" alt=\"\" srcset=\"https:\/\/aubert-manon.mmigrenoble-dev.fr\/wp-content\/uploads\/2026\/04\/Capture-decran-2026-04-20-202300.png 790w, https:\/\/aubert-manon.mmigrenoble-dev.fr\/wp-content\/uploads\/2026\/04\/Capture-decran-2026-04-20-202300-300x90.png 300w, https:\/\/aubert-manon.mmigrenoble-dev.fr\/wp-content\/uploads\/2026\/04\/Capture-decran-2026-04-20-202300-768x231.png 768w\" sizes=\"(max-width: 790px) 100vw, 790px\" \/>\t\t\t\t\t\t\t\t\t\t\t\t\t\t\t<\/div>\n\t\t\t\t<\/div>\n\t\t<div class=\"elementor-element elementor-element-9c0f082 e-con-full e-flex e-con e-child\" data-id=\"9c0f082\" data-element_type=\"container\" data-e-type=\"container\">\n\t\t\t\t<div class=\"elementor-element elementor-element-ea62dc8 elementor-widget elementor-widget-image\" data-id=\"ea62dc8\" data-element_type=\"widget\" data-e-type=\"widget\" data-widget_type=\"image.default\">\n\t\t\t\t\t\t\t\t\t\t\t\t\t\t\t<img decoding=\"async\" width=\"279\" height=\"300\" src=\"https:\/\/aubert-manon.mmigrenoble-dev.fr\/wp-content\/uploads\/2026\/04\/IMG_20250409_114651-279x300.jpg\" class=\"attachment-medium size-medium wp-image-204\" alt=\"\" srcset=\"https:\/\/aubert-manon.mmigrenoble-dev.fr\/wp-content\/uploads\/2026\/04\/IMG_20250409_114651-279x300.jpg 279w, https:\/\/aubert-manon.mmigrenoble-dev.fr\/wp-content\/uploads\/2026\/04\/IMG_20250409_114651-768x827.jpg 768w, https:\/\/aubert-manon.mmigrenoble-dev.fr\/wp-content\/uploads\/2026\/04\/IMG_20250409_114651.jpg 822w\" sizes=\"(max-width: 279px) 100vw, 279px\" \/>\t\t\t\t\t\t\t\t\t\t\t\t\t\t\t<\/div>\n\t\t\t\t<\/div>\n\t\t\t\t<\/div>\n\t\t\t\t\t<\/div>\n\t\t\t\t<\/div>\n\t\t<div class=\"elementor-element elementor-element-8dfc8a0 e-flex e-con-boxed e-con e-parent\" data-id=\"8dfc8a0\" data-element_type=\"container\" data-e-type=\"container\">\n\t\t\t\t\t<div class=\"e-con-inner\">\n\t\t\t\t<div class=\"elementor-element elementor-element-f3e08dc elementor-widget elementor-widget-text-editor\" data-id=\"f3e08dc\" data-element_type=\"widget\" data-e-type=\"widget\" data-widget_type=\"text-editor.default\">\n\t\t\t\t\t\t\t\t\t<h3 data-path-to-node=\"5\">Un choix strat\u00e9gique devenu une passion<\/h3><p data-path-to-node=\"6\">Au d\u00e9part, j\u2019ai choisi la sp\u00e9cialit\u00e9 Arts Plastiques pour r\u00e9pondre \u00e0 l\u2019obligation d\u2019une troisi\u00e8me sp\u00e9cialit\u00e9 en Premi\u00e8re. Ce qui n\u2019\u00e9tait au d\u00e9part qu\u2019une d\u00e9cision administrative s\u2019est transform\u00e9, au fil des mois, en une v\u00e9ritable passion. La Terminale m&rsquo;a marqu\u00e9 d&rsquo;une certaine mani\u00e8re : cette discipline est devenue importante pour moi et m&rsquo;a r\u00e9v\u00e9l\u00e9e des comp\u00e9tences dont je ne pensais pas \u00eatre capable.<\/p><h3 data-path-to-node=\"7\">Le passage de l&rsquo;id\u00e9e \u00e0 un projet concret<\/h3><p data-path-to-node=\"8\">J&rsquo;ai d\u00e9couvert le d\u00e9roulement de la concr\u00e9tisation. Partir d&rsquo;un simple croquis pour aboutir \u00e0 un projet plastique r\u00e9el m\u2019a permis de comprendre les m\u00e9canismes de la cr\u00e9ation. Cette sp\u00e9cialit\u00e9 m&rsquo;a montr\u00e9e que j&rsquo;\u00e9tais capable de faire quelque chose avec mes mains :<\/p><ul data-path-to-node=\"9\"><li><p data-path-to-node=\"9,0,0\"><b data-path-to-node=\"9,0,0\" data-index-in-node=\"0\">La pratique :<\/b> L&rsquo;exp\u00e9rimentation technique et la gestion de projet.<\/p><\/li><li><p data-path-to-node=\"9,1,0\"><b data-path-to-node=\"9,1,0\" data-index-in-node=\"0\">La th\u00e9orie :<\/b> Des cours d&rsquo;Histoire de l&rsquo;Art de plus en plus captivants, qui ont nourri ma culture visuelle et ma curiosit\u00e9. Ensuite lors des analyse d&rsquo;oeuvre je me sentais perdue, mais plus le temps avan\u00e7ait, plus je r\u00e9ussissais \u00e0 trouver des \u00e9l\u00e9ments<\/p><\/li><\/ul><h3 data-path-to-node=\"10\">Une conqu\u00eate personnelle<\/h3><p data-path-to-node=\"11\">Plus qu&rsquo;un simple enseignement technique, les Arts Plastiques ont \u00e9t\u00e9 un tournant dans mon estime de soi. En menant mes projets \u00e0 bien, j&rsquo;ai r\u00e9alis\u00e9 que j&rsquo;\u00e9tais capable de produire, d&rsquo;analyser et de d\u00e9fendre un univers qui me ressemble. Cette confiance acquise se refl\u00e8te aujourd&rsquo;hui dans mon approche globale : je sais d\u00e9sormais que je l\u00e9gitime de cr\u00e9er, et d&rsquo;essayer.<\/p>\t\t\t\t\t\t\t\t<\/div>\n\t\t\t\t\t<\/div>\n\t\t\t\t<\/div>\n\t\t\t\t<\/div>\n\t\t","protected":false},"excerpt":{"rendered":"<p>La sp\u00e9cialit\u00e9 Arts Plastiques Un choix strat\u00e9gique devenu une passion Au d\u00e9part, j\u2019ai choisi la sp\u00e9cialit\u00e9 Arts Plastiques pour r\u00e9pondre \u00e0 l\u2019obligation d\u2019une troisi\u00e8me sp\u00e9cialit\u00e9 en Premi\u00e8re. Ce qui n\u2019\u00e9tait au d\u00e9part qu\u2019une d\u00e9cision administrative s\u2019est transform\u00e9, au fil des mois, en une v\u00e9ritable passion. La Terminale m&rsquo;a marqu\u00e9 d&rsquo;une certaine mani\u00e8re : cette discipline [&hellip;]<\/p>\n","protected":false},"author":4,"featured_media":0,"comment_status":"open","ping_status":"open","sticky":false,"template":"","format":"standard","meta":{"footnotes":""},"categories":[4],"tags":[],"class_list":["post-167","post","type-post","status-publish","format-standard","hentry","category-fact"],"rttpg_featured_image_url":null,"rttpg_author":{"display_name":"Manon Aubert","author_link":"https:\/\/aubert-manon.mmigrenoble-dev.fr\/?author=4"},"rttpg_comment":0,"rttpg_category":"<a href=\"https:\/\/aubert-manon.mmigrenoble-dev.fr\/?cat=4\" rel=\"category\">FACT<\/a>","rttpg_excerpt":"La sp\u00e9cialit\u00e9 Arts Plastiques Un choix strat\u00e9gique devenu une passion Au d\u00e9part, j\u2019ai choisi la sp\u00e9cialit\u00e9 Arts Plastiques pour r\u00e9pondre \u00e0 l\u2019obligation d\u2019une troisi\u00e8me sp\u00e9cialit\u00e9 en Premi\u00e8re. Ce qui n\u2019\u00e9tait au d\u00e9part qu\u2019une d\u00e9cision administrative s\u2019est transform\u00e9, au fil des mois, en une v\u00e9ritable passion. La Terminale m&rsquo;a marqu\u00e9 d&rsquo;une certaine mani\u00e8re : cette discipline\u2026","_links":{"self":[{"href":"https:\/\/aubert-manon.mmigrenoble-dev.fr\/index.php?rest_route=\/wp\/v2\/posts\/167","targetHints":{"allow":["GET"]}}],"collection":[{"href":"https:\/\/aubert-manon.mmigrenoble-dev.fr\/index.php?rest_route=\/wp\/v2\/posts"}],"about":[{"href":"https:\/\/aubert-manon.mmigrenoble-dev.fr\/index.php?rest_route=\/wp\/v2\/types\/post"}],"author":[{"embeddable":true,"href":"https:\/\/aubert-manon.mmigrenoble-dev.fr\/index.php?rest_route=\/wp\/v2\/users\/4"}],"replies":[{"embeddable":true,"href":"https:\/\/aubert-manon.mmigrenoble-dev.fr\/index.php?rest_route=%2Fwp%2Fv2%2Fcomments&post=167"}],"version-history":[{"count":18,"href":"https:\/\/aubert-manon.mmigrenoble-dev.fr\/index.php?rest_route=\/wp\/v2\/posts\/167\/revisions"}],"predecessor-version":[{"id":386,"href":"https:\/\/aubert-manon.mmigrenoble-dev.fr\/index.php?rest_route=\/wp\/v2\/posts\/167\/revisions\/386"}],"wp:attachment":[{"href":"https:\/\/aubert-manon.mmigrenoble-dev.fr\/index.php?rest_route=%2Fwp%2Fv2%2Fmedia&parent=167"}],"wp:term":[{"taxonomy":"category","embeddable":true,"href":"https:\/\/aubert-manon.mmigrenoble-dev.fr\/index.php?rest_route=%2Fwp%2Fv2%2Fcategories&post=167"},{"taxonomy":"post_tag","embeddable":true,"href":"https:\/\/aubert-manon.mmigrenoble-dev.fr\/index.php?rest_route=%2Fwp%2Fv2%2Ftags&post=167"}],"curies":[{"name":"wp","href":"https:\/\/api.w.org\/{rel}","templated":true}]}}