{"id":209,"date":"2026-04-20T20:39:17","date_gmt":"2026-04-20T20:39:17","guid":{"rendered":"https:\/\/aubert-manon.mmigrenoble-dev.fr\/?p=209"},"modified":"2026-04-28T07:08:52","modified_gmt":"2026-04-28T07:08:52","slug":"quest-ce-que-la-formation-mmi","status":"publish","type":"post","link":"https:\/\/aubert-manon.mmigrenoble-dev.fr\/?p=209","title":{"rendered":"Qu&rsquo;est-ce que la formation MMI ?"},"content":{"rendered":"\t\t<div data-elementor-type=\"wp-post\" data-elementor-id=\"209\" class=\"elementor elementor-209\">\n\t\t\t\t<div class=\"elementor-element elementor-element-d8f393b e-flex e-con-boxed e-con e-parent\" data-id=\"d8f393b\" data-element_type=\"container\" data-e-type=\"container\">\n\t\t\t\t\t<div class=\"e-con-inner\">\n\t\t\t\t<div class=\"elementor-element elementor-element-e3c5413 elementor-widget elementor-widget-heading\" data-id=\"e3c5413\" data-element_type=\"widget\" data-e-type=\"widget\" data-widget_type=\"heading.default\">\n\t\t\t\t\t<h2 class=\"elementor-heading-title elementor-size-default\">La Formation MMI<\/h2>\t\t\t\t<\/div>\n\t\t\t\t<div class=\"elementor-element elementor-element-dd4663e elementor-widget-divider--view-line elementor-widget elementor-widget-divider\" data-id=\"dd4663e\" data-element_type=\"widget\" data-e-type=\"widget\" data-widget_type=\"divider.default\">\n\t\t\t\t\t\t\t<div class=\"elementor-divider\">\n\t\t\t<span class=\"elementor-divider-separator\">\n\t\t\t\t\t\t<\/span>\n\t\t<\/div>\n\t\t\t\t\t\t<\/div>\n\t\t\t\t<div class=\"elementor-element elementor-element-27511d4 elementor-widget elementor-widget-image\" data-id=\"27511d4\" data-element_type=\"widget\" data-e-type=\"widget\" data-widget_type=\"image.default\">\n\t\t\t\t\t\t\t\t\t\t\t\t\t\t\t<img fetchpriority=\"high\" decoding=\"async\" width=\"768\" height=\"512\" src=\"https:\/\/aubert-manon.mmigrenoble-dev.fr\/wp-content\/uploads\/2026\/04\/IUT1_SitePolygone_22-05-2024-2-768x512.jpg\" class=\"attachment-medium_large size-medium_large wp-image-320\" alt=\"\" srcset=\"https:\/\/aubert-manon.mmigrenoble-dev.fr\/wp-content\/uploads\/2026\/04\/IUT1_SitePolygone_22-05-2024-2-768x512.jpg 768w, https:\/\/aubert-manon.mmigrenoble-dev.fr\/wp-content\/uploads\/2026\/04\/IUT1_SitePolygone_22-05-2024-2-300x200.jpg 300w, https:\/\/aubert-manon.mmigrenoble-dev.fr\/wp-content\/uploads\/2026\/04\/IUT1_SitePolygone_22-05-2024-2-1024x682.jpg 1024w, https:\/\/aubert-manon.mmigrenoble-dev.fr\/wp-content\/uploads\/2026\/04\/IUT1_SitePolygone_22-05-2024-2.jpg 1460w\" sizes=\"(max-width: 768px) 100vw, 768px\" \/>\t\t\t\t\t\t\t\t\t\t\t\t\t\t\t<\/div>\n\t\t\t\t<div class=\"elementor-element elementor-element-a7256cf elementor-widget-divider--view-line elementor-widget elementor-widget-divider\" data-id=\"a7256cf\" data-element_type=\"widget\" data-e-type=\"widget\" data-widget_type=\"divider.default\">\n\t\t\t\t\t\t\t<div class=\"elementor-divider\">\n\t\t\t<span class=\"elementor-divider-separator\">\n\t\t\t\t\t\t<\/span>\n\t\t<\/div>\n\t\t\t\t\t\t<\/div>\n\t\t\t\t<div class=\"elementor-element elementor-element-070fdd5 elementor-widget elementor-widget-text-editor\" data-id=\"070fdd5\" data-element_type=\"widget\" data-e-type=\"widget\" data-widget_type=\"text-editor.default\">\n\t\t\t\t\t\t\t\t\t<h2 data-path-to-node=\"3\">Le BUT MMI\u00a0<\/h2><p data-path-to-node=\"4\">Apr\u00e8s avoir explor\u00e9 la libert\u00e9 de cr\u00e9ation en Arts Plastiques, le <b data-path-to-node=\"4\" data-index-in-node=\"155\">BUT MMI<\/b> s&rsquo;est impos\u00e9 comme logique pour \u00e9largir mes comp\u00e9tences et transformer mon int\u00e9r\u00eat pour l&rsquo;art en un m\u00e9tier.<\/p><h3 data-path-to-node=\"5\">Pourquoi ce lien est-il coh\u00e9rent ?<\/h3><p data-path-to-node=\"6\">Passer de la pratique au digitale ne signifie pas abandonner l&rsquo;art. Ma formation en Arts Plastiques m&rsquo;apporte un avantage en MMI :<\/p><ul data-path-to-node=\"7\"><li><p data-path-to-node=\"7,0,0\">Ma connaissance de la composition, des couleurs et de la th\u00e9orie de l&rsquo;image est un atout pour l&rsquo;<b data-path-to-node=\"7,0,0\" data-index-in-node=\"120\">UX\/UI Design<\/b> et la <b data-path-to-node=\"7,0,0\" data-index-in-node=\"139\">cr\u00e9ation graphique<\/b>.<\/p><\/li><li><p data-path-to-node=\"7,1,0\">L&rsquo;habitude de partir d&rsquo;une id\u00e9e pour aboutir \u00e0 un projet me permet d&rsquo;aborder les <b data-path-to-node=\"7,1,0\" data-index-in-node=\"106\">SA\u00c9<\/b> (Situations d&rsquo;Apprentissage et d&rsquo;\u00c9valuation) avec une m\u00e9thodologie.<\/p><\/li><\/ul><h3 data-path-to-node=\"8\">Une formation pluridisciplinaire au c\u0153ur du num\u00e9rique<\/h3><p data-path-to-node=\"9\">Le BUT MMI est un cursus en trois ans qui nous plonge dans la r\u00e9alit\u00e9 des m\u00e9tiers du web \u00e0 travers trois piliers :<\/p><ul data-path-to-node=\"10\"><li><p data-path-to-node=\"10,0,0\"><b data-path-to-node=\"10,0,0\" data-index-in-node=\"0\">La Cr\u00e9ation Multim\u00e9dia :<\/b> C\u2019est ici que je prolonge mon parcours artistique. De la production graphique \u00e0 l\u2019audiovisuel, j&rsquo;apprends \u00e0 ma\u00eetriser les outils de la suite Adobe pour donner vie \u00e0 des contenus visuels.<\/p><\/li><li><p data-path-to-node=\"10,1,0\"><b data-path-to-node=\"10,1,0\" data-index-in-node=\"0\">Le D\u00e9veloppement Web :<\/b>\u00a0 Apprendre la programmation et la gestion de bases de donn\u00e9es me permet de comprendre l&rsquo;envers du d\u00e9cor et de construire moi-m\u00eame les structures qui accueillent mes cr\u00e9ations.<\/p><\/li><li><p data-path-to-node=\"10,2,0\"><b data-path-to-node=\"10,2,0\" data-index-in-node=\"0\">La Communication et le Design :<\/b>\u00a0Le MMI m&rsquo;enseigne la strat\u00e9gie de communication et l&rsquo;importance de l&rsquo;exp\u00e9rience utilisateur (UX), garantissant que mes projets soient non seulement esth\u00e9tiques, mais aussi fonctionnels et pertinents.<\/p><\/li><\/ul><h3 data-path-to-node=\"11\">L\u2019apprentissage par le projet (SA\u00c9)<\/h3><p data-path-to-node=\"12\">La grande force de cette formation r\u00e9side dans son approche pratique. Les <b data-path-to-node=\"12\" data-index-in-node=\"74\">SA\u00c9<\/b> nous placent en conditions r\u00e9elles, nous confrontant aux exigences du monde du travail. Cette p\u00e9dagogie de terrain m\u2019oblige \u00e0 \u00eatre polyvalente et \u00e0 collaborer avec d&rsquo;autres profils, pr\u00e9parant ainsi mon int\u00e9gration future dans le monde du travail.<\/p><blockquote data-path-to-node=\"13\"><p data-path-to-node=\"13,0\">\u00a0<\/p><\/blockquote>\t\t\t\t\t\t\t\t<\/div>\n\t\t\t\t\t<\/div>\n\t\t\t\t<\/div>\n\t\t\t\t<\/div>\n\t\t","protected":false},"excerpt":{"rendered":"<p>La Formation MMI Le BUT MMI\u00a0 Apr\u00e8s avoir explor\u00e9 la libert\u00e9 de cr\u00e9ation en Arts Plastiques, le BUT MMI s&rsquo;est impos\u00e9 comme logique pour \u00e9largir mes comp\u00e9tences et transformer mon int\u00e9r\u00eat pour l&rsquo;art en un m\u00e9tier. Pourquoi ce lien est-il coh\u00e9rent ? Passer de la pratique au digitale ne signifie pas abandonner l&rsquo;art. Ma formation [&hellip;]<\/p>\n","protected":false},"author":4,"featured_media":0,"comment_status":"open","ping_status":"open","sticky":false,"template":"","format":"standard","meta":{"footnotes":""},"categories":[4],"tags":[],"class_list":["post-209","post","type-post","status-publish","format-standard","hentry","category-fact"],"rttpg_featured_image_url":null,"rttpg_author":{"display_name":"Manon Aubert","author_link":"https:\/\/aubert-manon.mmigrenoble-dev.fr\/?author=4"},"rttpg_comment":0,"rttpg_category":"<a href=\"https:\/\/aubert-manon.mmigrenoble-dev.fr\/?cat=4\" rel=\"category\">FACT<\/a>","rttpg_excerpt":"La Formation MMI Le BUT MMI\u00a0 Apr\u00e8s avoir explor\u00e9 la libert\u00e9 de cr\u00e9ation en Arts Plastiques, le BUT MMI s&rsquo;est impos\u00e9 comme logique pour \u00e9largir mes comp\u00e9tences et transformer mon int\u00e9r\u00eat pour l&rsquo;art en un m\u00e9tier. Pourquoi ce lien est-il coh\u00e9rent ? Passer de la pratique au digitale ne signifie pas abandonner l&rsquo;art. Ma formation\u2026","_links":{"self":[{"href":"https:\/\/aubert-manon.mmigrenoble-dev.fr\/index.php?rest_route=\/wp\/v2\/posts\/209","targetHints":{"allow":["GET"]}}],"collection":[{"href":"https:\/\/aubert-manon.mmigrenoble-dev.fr\/index.php?rest_route=\/wp\/v2\/posts"}],"about":[{"href":"https:\/\/aubert-manon.mmigrenoble-dev.fr\/index.php?rest_route=\/wp\/v2\/types\/post"}],"author":[{"embeddable":true,"href":"https:\/\/aubert-manon.mmigrenoble-dev.fr\/index.php?rest_route=\/wp\/v2\/users\/4"}],"replies":[{"embeddable":true,"href":"https:\/\/aubert-manon.mmigrenoble-dev.fr\/index.php?rest_route=%2Fwp%2Fv2%2Fcomments&post=209"}],"version-history":[{"count":13,"href":"https:\/\/aubert-manon.mmigrenoble-dev.fr\/index.php?rest_route=\/wp\/v2\/posts\/209\/revisions"}],"predecessor-version":[{"id":394,"href":"https:\/\/aubert-manon.mmigrenoble-dev.fr\/index.php?rest_route=\/wp\/v2\/posts\/209\/revisions\/394"}],"wp:attachment":[{"href":"https:\/\/aubert-manon.mmigrenoble-dev.fr\/index.php?rest_route=%2Fwp%2Fv2%2Fmedia&parent=209"}],"wp:term":[{"taxonomy":"category","embeddable":true,"href":"https:\/\/aubert-manon.mmigrenoble-dev.fr\/index.php?rest_route=%2Fwp%2Fv2%2Fcategories&post=209"},{"taxonomy":"post_tag","embeddable":true,"href":"https:\/\/aubert-manon.mmigrenoble-dev.fr\/index.php?rest_route=%2Fwp%2Fv2%2Ftags&post=209"}],"curies":[{"name":"wp","href":"https:\/\/api.w.org\/{rel}","templated":true}]}}